{"id":1972,"date":"2022-04-19T20:28:44","date_gmt":"2022-04-19T20:28:44","guid":{"rendered":"https:\/\/www.educatis.cz\/?p=1972"},"modified":"2023-04-06T22:21:38","modified_gmt":"2023-04-06T22:21:38","slug":"lms-letokvitek-hleda-pedagoga-do-sveho-tymu","status":"publish","type":"post","link":"https:\/\/www.educatis.cz\/?p=1972","title":{"rendered":"LM\u0160 Letokv\u00edtek hled\u00e1 pedagoga do sv\u00e9ho t\u00fdmu"},"content":{"rendered":"\n<div data-wp-interactive=\"core\/file\" class=\"wp-block-file\"><object data-wp-bind--hidden=\"!state.hasPdfPreview\" hidden class=\"wp-block-file__embed\" data=\"https:\/\/www.educatis.cz\/wp-content\/uploads\/2022\/04\/inzerat-pruvodce-1.pdf\" type=\"application\/pdf\" style=\"width:100%;height:600px\" aria-label=\"Vlo\u017eit z inzerat-pruvodce-1.\"><\/object><a id=\"wp-block-file--media-881188d1-8bb3-4324-865a-f4c8b3d41048\" href=\"https:\/\/www.educatis.cz\/wp-content\/uploads\/2022\/04\/inzerat-pruvodce-1.pdf\">inzerat-pruvodce-1<\/a><a href=\"https:\/\/www.educatis.cz\/wp-content\/uploads\/2022\/04\/inzerat-pruvodce-1.pdf\" class=\"wp-block-file__button wp-element-button\" download aria-describedby=\"wp-block-file--media-881188d1-8bb3-4324-865a-f4c8b3d41048\">St\u00e1hnout<\/a><\/div>\n\n\n\n<p><strong>Po\u017eadujeme:<\/strong><br>Vzd\u011bl\u00e1n\u00ed dle z\u00e1kona o pedagogick\u00fdch pracovn\u00edc\u00edch v M\u0160.<br>V\u00edt\u00e1ny jsou zku\u0161enosti s pr\u016fvodcov\u00e1n\u00edm v lesn\u00ed mate\u0159sk\u00e9 \u0161kolce \u010di lesn\u00edm klubu,<br>kurzy vzd\u011bl\u00e1v\u00e1n\u00ed od asociace LM\u0160 zam\u011b\u0159en\u00e9 na vzd\u011bl\u00e1v\u00e1n\u00ed v lesn\u00edch mate\u0159sk\u00fdch<br>\u0161kolk\u00e1ch a klubech. Zku\u0161enosti s pobytem v p\u0159\u00edrod\u011b.<br><\/p>\n\n\n\n<p>Dal\u0161\u00ed vlastnosti uchaze\u010de:<br>\u25cf Um\u011bt spolupracovat: na jednu skupinu 15 d\u011bt\u00ed jsou v\u017edy 2 pr\u016fvodci<br>\u25cf Nad\u0161en\u00ed a hravost<br>\u25cf Respektuj\u00edc\u00ed p\u0159\u00edstup ke koleg\u016fm a d\u011btem<br>\u25cf otev\u0159enost se u\u010dit nov\u00fdm v\u011bcem<br>\u25cf sebereflexe, spolupr\u00e1ce a t\u00fdmovost<br>\u25cf vztah k pracovn\u00edm \u010dinnostem, zahradni\u010den\u00ed, \u0159emesl\u016fm<br>\u25cf Zku\u0161enosti s p\u0159ed\u0161koln\u00edm vzd\u011bl\u00e1v\u00e1n\u00edm<br><\/p>\n\n\n\n<p><strong>Nab\u00edz\u00edme:<\/strong><br>kreativn\u00ed prost\u0159ed\u00ed v mal\u00e9 skupin\u011b d\u011bt\u00ed<br>mo\u017enost za\u017e\u00edvat flow ve v\u00fduce za ka\u017ed\u00e9ho po\u010das\u00ed.<br>P\u0159\u00e1telsk\u00fd kolektiv a rodi\u010de d\u011bt\u00ed-komunitu<br>4-dny s d\u011btmi a 1 den doma na p\u0159\u00edpravu<\/p>\n\n\n\n<p><br>Pr\u00e1ce je ur\u010dena t\u011bm, kte\u0159\u00ed cht\u011bj\u00ed opravdu tvo\u0159it spojen\u00ed mezi d\u011btmi, p\u0159\u00edrodou, okol\u00edm a<br>sebou. Tato pr\u00e1ce vy\u017eaduje velkou kreativitu a pru\u017enost. Nen\u00ed vhodn\u00e1 pro ty, kte\u0159\u00ed<br>hledaj\u00ed &#8222;jen&#8220; pr\u00e1ci. Je to posl\u00e1n\u00ed, kter\u00e9 vy\u017eaduje nad\u0161en\u00ed, nov\u00e9 p\u0159\u00edstupy, kter\u00e9<br>pot\u0159ebuj\u00ed sebereflexi a pr\u00e1ci na sob\u011b. V\u0161e tvo\u0159\u00edme a pot\u0159ebujeme kolegy, kte\u0159\u00ed hledaj\u00ed<br>cesty jak u\u010dit d\u011bti v kontextu z dobou v jak\u00e9 \u017eijeme. Jdou d\u011btem p\u0159\u00edkladem a jsou<br>dobr\u00fdmi vzory. Ti co budou milovat i bl\u00e1to a sn\u00edh.<\/p>\n\n\n\n<p class=\"has-text-align-center\"><br>L\u00e1k\u00e1 v\u00e1s u n\u00e1s pracovat? Po\u0161lete v\u00e1\u0161 \u017eivotopis na e-mail:<br>info@letokvitek.cz<br>ML\u0160 Letokv\u00edtek, \u0159editelka Bc. Marta Majvaldov\u00e1<br><a href=\"https:\/\/www.educatis.cz\" data-type=\"URL\" data-id=\"www.educatis.cz\">www.educatis.cz<\/a>, info@letokvitek.cz, Z\u00e1meck\u00fd park 2., Letohrad, 561 51<\/p>\n","protected":false},"excerpt":{"rendered":"<p>Po\u017eadujeme:<br \/>\nVzd\u011bl\u00e1n\u00ed dle z\u00e1kona o pedagogick\u00fdch pracovn\u00edc\u00edch v M\u0160.<br \/>\nV\u00edt\u00e1ny jsou zku\u0161enosti s pr\u016fvodcov\u00e1n\u00edm v lesn\u00ed mate\u0159sk\u00e9 \u0161kolce \u010di lesn\u00edm klubu,<br \/>\nkurzy vzd\u011bl\u00e1v\u00e1n\u00ed od asociace LM\u0160 zam\u011b\u0159en\u00e9 na vzd\u011bl\u00e1v\u00e1n\u00ed v lesn\u00edch mate\u0159sk\u00fdch<br \/>\n\u0161kolk\u00e1ch a klubech. Zku\u0161enosti s pobytem v p\u0159\u00edrod\u011b.<\/p>\n","protected":false},"author":1,"featured_media":1909,"comment_status":"closed","ping_status":"open","sticky":false,"template":"","format":"standard","meta":{"footnotes":""},"categories":[1],"tags":[45],"class_list":["post-1972","post","type-post","status-publish","format-standard","has-post-thumbnail","hentry","category-aktuality","tag-hleda-pedagoga"],"_links":{"self":[{"href":"https:\/\/www.educatis.cz\/index.php?rest_route=\/wp\/v2\/posts\/1972","targetHints":{"allow":["GET"]}}],"collection":[{"href":"https:\/\/www.educatis.cz\/index.php?rest_route=\/wp\/v2\/posts"}],"about":[{"href":"https:\/\/www.educatis.cz\/index.php?rest_route=\/wp\/v2\/types\/post"}],"author":[{"embeddable":true,"href":"https:\/\/www.educatis.cz\/index.php?rest_route=\/wp\/v2\/users\/1"}],"replies":[{"embeddable":true,"href":"https:\/\/www.educatis.cz\/index.php?rest_route=%2Fwp%2Fv2%2Fcomments&post=1972"}],"version-history":[{"count":4,"href":"https:\/\/www.educatis.cz\/index.php?rest_route=\/wp\/v2\/posts\/1972\/revisions"}],"predecessor-version":[{"id":2014,"href":"https:\/\/www.educatis.cz\/index.php?rest_route=\/wp\/v2\/posts\/1972\/revisions\/2014"}],"wp:featuredmedia":[{"embeddable":true,"href":"https:\/\/www.educatis.cz\/index.php?rest_route=\/wp\/v2\/media\/1909"}],"wp:attachment":[{"href":"https:\/\/www.educatis.cz\/index.php?rest_route=%2Fwp%2Fv2%2Fmedia&parent=1972"}],"wp:term":[{"taxonomy":"category","embeddable":true,"href":"https:\/\/www.educatis.cz\/index.php?rest_route=%2Fwp%2Fv2%2Fcategories&post=1972"},{"taxonomy":"post_tag","embeddable":true,"href":"https:\/\/www.educatis.cz\/index.php?rest_route=%2Fwp%2Fv2%2Ftags&post=1972"}],"curies":[{"name":"wp","href":"https:\/\/api.w.org\/{rel}","templated":true}]}}