{"id":1389,"date":"2022-03-23T15:07:17","date_gmt":"2022-03-23T15:07:17","guid":{"rendered":"https:\/\/www.educatis.cz\/?p=1389"},"modified":"2023-04-06T22:20:18","modified_gmt":"2023-04-06T22:20:18","slug":"letni-primestske-tabory","status":"publish","type":"post","link":"https:\/\/www.educatis.cz\/?p=1389","title":{"rendered":"LETN\u00cd P\u0158\u00cdM\u011aSTSK\u00c9 T\u00c1BORY pro d\u011bti 3-6let, 7-11let"},"content":{"rendered":"\n<figure class=\"wp-block-pullquote\"><blockquote><p><em>Ne nab\u00fdvati rozumu z knih,<\/em><br><em>n\u00fdbr\u017e z nebe, zem\u011b,<\/em><br><em>dub\u016f a buk\u016f\u2026<\/em><br><em>Jan Amos Komensk\u00fd<\/em><\/p><\/blockquote><\/figure>\n\n\n\n<h2 class=\"wp-block-heading has-text-align-left\">I letos po\u0159\u00e1d\u00e1 Lesn\u00ed klub LETOKV\u00cdTEK LETN\u00cd P\u0158\u00cdM\u011aSTSK\u00c9 T\u00c1BORY pro d\u011bti 3-6let, 7-11let<\/h2>\n\n\n\n<p>T\u011b\u0161\u00edme se na va\u0161e d\u011bti, pro kter\u00e9 jsme p\u0159ichystali bohat\u00fd program pln\u00fd pohybu, her a dobrodru\u017estv\u00ed, kter\u00fd je inspirovan\u00fd pedagogikou lesn\u00edch \u0161kolek.<\/p>\n\n\n\n<p><em>Harmonogram dne:<\/em><strong> <\/strong>provoz od <strong>7:00 do 16:00 hod<\/strong>.<\/p>\n\n\n\n<p><em>Sch\u00e1zen\u00ed v z\u00e1zem\u00ed:<\/em>  <strong>7:00 &#8211; 8:30 hod<\/strong><\/p>\n\n\n\n<p>V <strong>8:30<\/strong> vyr\u00e1\u017e\u00edme do ter\u00e9nu dobrodru\u017estv\u00ed za\u010d\u00edn\u00e1. Vyzved\u00e1v\u00e1n\u00ed d\u011bt\u00ed po <strong>15 hod<\/strong>.<\/p>\n\n\n\n<p><strong><em>Program:<\/em><\/strong> celot\u00fddenn\u00ed t\u00e1borov\u00e1 hra, ve kter\u00e9 se p\u0159eneseme kam budeme cht\u00edt. Mo\u017enost v\u00fdlet\u016f do okol\u00ed.<\/p>\n\n\n\n<hr class=\"wp-block-separator has-css-opacity\"\/>\n\n\n\n<h2 class=\"wp-block-heading\"><strong>1.b\u011bh &#8211; INDI\u00c1NSK\u00c9 L\u00c9TO&nbsp;<\/strong><\/h2>\n\n\n\n<h3 class=\"wp-block-heading\"><strong>(18. &#8211; 22. 7. 2022)<\/strong><\/h3>\n\n\n\n<p>Pozn\u00e1me sv\u011bt indi\u00e1n\u016f a jejich pojet\u00ed sv\u011bta. Povypr\u00e1v\u00edme si jejich p\u0159\u00edb\u011bhy, uvid\u00edme jejich symboly s\u00edly a moudrosti a uc\u00edt\u00edme spojen\u00ed s p\u0159\u00edrodou. Mo\u017en\u00e1 n\u00e1s potkaj\u00ed i v\u00fdzvy a \u00fakoly a usly\u0161\u00edme indi\u00e1nskou p\u00edse\u0148, kterou zazp\u00edv\u00e1 na\u0161e srdce.&nbsp;<\/p>\n\n\n\n<hr class=\"wp-block-separator has-css-opacity\"\/>\n\n\n\n<h2 class=\"wp-block-heading\"><strong>2. b\u011bh &#8211; VODA, OHE\u0147, VZDUCH, ZEM\u011a<\/strong><\/h2>\n\n\n\n<h3 class=\"wp-block-heading\"><strong>(25. &#8211; 29.7. 2022)<\/strong><\/h3>\n\n\n\n<p>T\u00fdden pln\u00fd zkoum\u00e1n\u00ed a tvo\u0159en\u00ed se \u017eivly. D\u011bti se setkaj\u00ed s ohn\u011bm (budeme barvit, odl\u00e9vat, va\u0159it), s vodou (budeme zkoumat s\u00edlu vody, jej\u00ed vlastnosti), vzduch (budeme zkoumat l\u00e9t\u00e1n\u00ed v\u00fdrobou h\u00e1zedel) se Zem\u00ed (budeme tvo\u0159it z hl\u00edny a vypalovat ji v p\u0159\u00edrod\u011b). Budeme zachra\u0148ovat lesn\u00ed bytosti. Budeme pot\u0159ebovat odvahu, s\u00edlu, soudr\u017enost a kamar\u00e1dy, aby se z\u00e1chrana vyda\u0159ila.<\/p>\n\n\n\n<hr class=\"wp-block-separator has-css-opacity\"\/>\n\n\n\n<h4 class=\"wp-block-heading\">S sebou:&nbsp;<\/h4>\n\n\n\n<p><strong>do ter\u00e9nu:<\/strong><\/p>\n\n\n\n<ul class=\"wp-block-list\">\n<li>&nbsp;batoh s dopoledn\u00ed sva\u010dinou (batoh s hrudn\u00edm popruhem), pit\u00ed (neslazen\u00e9), pap\u00edrov\u00e9 kapesn\u00edky, pytl\u00edk na poklady.<\/li>\n\n\n\n<li>vhodn\u00e9 oble\u010den\u00ed (pokr\u00fdvku hlavy proti slun\u00ed\u010dku, vhodnou obuv do ter\u00e9nu a oble\u010den\u00ed, kter\u00e9 se m\u016f\u017ee u\u0161pinit. Ide\u00e1ln\u00ed jsou kalhoty s dlouhou nohavic\u00ed) Je pot\u0159eba m\u00edt s sebou i vhodn\u00e9 oble\u010den\u00ed do de\u0161t\u011b za nep\u0159\u00edzniv\u00e9ho po\u010das\u00ed.<\/li>\n\n\n\n<li>opalovac\u00ed kr\u00e9m a repelent proti kl\u00ed\u0161\u0165at\u016fm (za p\u0159ed\u0161koln\u00ed d\u011bti zodpov\u00eddaj\u00ed rodi\u010de a d\u00edt\u011b p\u0159ichystaj\u00ed namaz\u00e1n\u00edm kr\u00e9m proti slun\u00ed\u010dku, nast\u0159\u00edk\u00e1n\u00edm repelentu, m\u00e1me dobrou zku\u0161enost i s n\u00e1ramky)<\/li>\n<\/ul>\n\n\n\n<p><strong>Do z\u00e1zem\u00ed:&nbsp;<\/strong><\/p>\n\n\n\n<ul class=\"wp-block-list\">\n<li>p\u0159ez\u016fvky a kompletn\u00ed n\u00e1hradn\u00ed oble\u010den\u00ed (kter\u00e9 se uschov\u00e1 v z\u00e1zem\u00ed)<\/li>\n\n\n\n<li>Dopoledn\u00ed sva\u010dinu si d\u011bti nos\u00ed z domu, ob\u011bd a odpoledn\u00ed sva\u010dinu zaji\u0161\u0165ujeme my.<\/li>\n<\/ul>\n\n\n\n<p>T\u011b\u0161\u00edme se na va\u0161e d\u011bti.<\/p>\n\n\n\n<p>V p\u0159\u00edpad\u011b dal\u0161\u00edch ot\u00e1zek n\u00e1m m\u016f\u017eete napsat, \u010di zavolat.<\/p>\n\n\n\n<p class=\"has-text-align-left\">info@letokvitek, tel.: 721 166 190 (Mgr. Veronika Peter\u00e1\u010dov\u00e1)<\/p>\n\n\n\n<hr class=\"wp-block-separator has-css-opacity\"\/>\n\n\n\n<p class=\"has-text-align-center\">Zde je odkaz na <a href=\"https:\/\/docs.google.com\/forms\/d\/e\/1FAIpQLSff28C8ooxB5xRdyIL2UCNVsUU4KV1Gg4m76MF8fuCo8dFovw\/viewform?usp=pp_url\">Dotazn\u00edk k p\u0159ihla\u0161ov\u00e1n\u00ed<\/a><\/p>\n\n\n\n<hr class=\"wp-block-separator has-css-opacity\"\/>\n\n\n\n<h2 class=\"wp-block-heading\">Let\u00e1\u010dek<\/h2>\n\n\n\n<div data-wp-interactive=\"core\/file\" class=\"wp-block-file\"><object data-wp-bind--hidden=\"!state.hasPdfPreview\" hidden class=\"wp-block-file__embed\" data=\"https:\/\/www.educatis.cz\/wp-content\/uploads\/2022\/03\/letacek-PT2022-varianta-2.pdf\" type=\"application\/pdf\" style=\"width:100%;height:600px\" aria-label=\"Vlo\u017eit z let\u00e1\u010dek-PT2022-varianta 2.\"><\/object><a id=\"wp-block-file--media-4bba7ac1-a0c2-4c9f-b7ef-386aeb543667\" href=\"https:\/\/www.educatis.cz\/wp-content\/uploads\/2022\/03\/letacek-PT2022-varianta-2.pdf\" target=\"_blank\" rel=\"noreferrer noopener\">let\u00e1\u010dek-PT2022-varianta 2<\/a><a href=\"https:\/\/www.educatis.cz\/wp-content\/uploads\/2022\/03\/letacek-PT2022-varianta-2.pdf\" class=\"wp-block-file__button wp-element-button\" download aria-describedby=\"wp-block-file--media-4bba7ac1-a0c2-4c9f-b7ef-386aeb543667\">St\u00e1hnout<\/a><\/div>\n","protected":false},"excerpt":{"rendered":"<p>Ne nab\u00fdvati rozumu z knih,n\u00fdbr\u017e z nebe, zem\u011b,dub\u016f a buk\u016f\u2026Jan Amos Komensk\u00fd I letos po\u0159\u00e1d\u00e1 Lesn\u00ed klub LETOKV\u00cdTEK LETN\u00cd P\u0158\u00cdM\u011aSTSK\u00c9 T\u00c1BORY pro d\u011bti 3-6let, 7-11let T\u011b\u0161\u00edme se na va\u0161e d\u011bti, pro kter\u00e9 jsme p\u0159ichystali bohat\u00fd program pln\u00fd pohybu, her a dobrodru\u017estv\u00ed, kter\u00fd je inspirovan\u00fd pedagogikou lesn\u00edch \u0161kolek. Harmonogram dne: provoz od 7:00 do 16:00 hod. [&hellip;]<\/p>\n","protected":false},"author":1,"featured_media":1397,"comment_status":"closed","ping_status":"closed","sticky":false,"template":"","format":"standard","meta":{"footnotes":""},"categories":[1],"tags":[16,38],"class_list":["post-1389","post","type-post","status-publish","format-standard","has-post-thumbnail","hentry","category-aktuality","tag-letokvitek-lms","tag-tabory"],"_links":{"self":[{"href":"https:\/\/www.educatis.cz\/index.php?rest_route=\/wp\/v2\/posts\/1389","targetHints":{"allow":["GET"]}}],"collection":[{"href":"https:\/\/www.educatis.cz\/index.php?rest_route=\/wp\/v2\/posts"}],"about":[{"href":"https:\/\/www.educatis.cz\/index.php?rest_route=\/wp\/v2\/types\/post"}],"author":[{"embeddable":true,"href":"https:\/\/www.educatis.cz\/index.php?rest_route=\/wp\/v2\/users\/1"}],"replies":[{"embeddable":true,"href":"https:\/\/www.educatis.cz\/index.php?rest_route=%2Fwp%2Fv2%2Fcomments&post=1389"}],"version-history":[{"count":19,"href":"https:\/\/www.educatis.cz\/index.php?rest_route=\/wp\/v2\/posts\/1389\/revisions"}],"predecessor-version":[{"id":2015,"href":"https:\/\/www.educatis.cz\/index.php?rest_route=\/wp\/v2\/posts\/1389\/revisions\/2015"}],"wp:featuredmedia":[{"embeddable":true,"href":"https:\/\/www.educatis.cz\/index.php?rest_route=\/wp\/v2\/media\/1397"}],"wp:attachment":[{"href":"https:\/\/www.educatis.cz\/index.php?rest_route=%2Fwp%2Fv2%2Fmedia&parent=1389"}],"wp:term":[{"taxonomy":"category","embeddable":true,"href":"https:\/\/www.educatis.cz\/index.php?rest_route=%2Fwp%2Fv2%2Fcategories&post=1389"},{"taxonomy":"post_tag","embeddable":true,"href":"https:\/\/www.educatis.cz\/index.php?rest_route=%2Fwp%2Fv2%2Ftags&post=1389"}],"curies":[{"name":"wp","href":"https:\/\/api.w.org\/{rel}","templated":true}]}}